{"id":1,"date":"2022-09-29T15:27:46","date_gmt":"2022-09-29T15:27:46","guid":{"rendered":"https:\/\/www.hazeville.fr\/?p=1"},"modified":"2026-04-20T21:57:09","modified_gmt":"2026-04-20T21:57:09","slug":"le-manoir","status":"publish","type":"post","link":"https:\/\/www.hazeville.fr\/en\/le-manoir\/","title":{"rendered":"Le Manoir d&rsquo;Hazeville : cinq si\u00e8cles d&rsquo;architecture"},"content":{"rendered":"<p><em>De la Renaissance au n\u00e9oclassicisme napol\u00e9onien, le Manoir d&rsquo;Hazeville est le r\u00e9sultat de cinq si\u00e8cles de constructions, de remaniements et de soins port\u00e9s \u00e0 une demeure d&rsquo;exception. Retour sur l&rsquo;architecture remarquable de ce ch\u00e2teau du Vexin fran\u00e7ais.<\/em><\/p>\n\n\n\n<h2 class=\"wp-block-heading\">1560 : la construction du manoir originel<\/h2>\n\n\n\n<p>C&rsquo;est en <strong>1560<\/strong> que <strong>Charles Lefebvre<\/strong>, seigneur d&rsquo;Hazeville, des Essarts et de Chaussy, d\u00e9cide de faire construire le manoir qui donnera son nom au domaine. La famille Lefebvre poss\u00e8de d\u00e9j\u00e0 \u00e0 cette \u00e9poque la seigneurie de <strong>Gadancourt<\/strong>, village voisin de Wy-dit-Joli-Village, dans le Vexin fran\u00e7ais. La construction du manoir marque l&rsquo;affirmation de leur puissance locale et leur d\u00e9sir de doter le domaine d&rsquo;une demeure \u00e0 la hauteur de leur rang.<\/p>\n\n\n\n<p>L&rsquo;\u00e9difice Renaissance d&rsquo;origine est sobre et fonctionnel : murs en pierres de taille calcaire extraites des carri\u00e8res voisines, toiture \u00e0 deux versants, fen\u00eatres \u00e0 meneaux caract\u00e9ristiques du XVIe si\u00e8cle fran\u00e7ais. Ce b\u00e2timent constitue le c\u0153ur du domaine pendant pr\u00e8s de deux si\u00e8cles et demi, avant d&rsquo;\u00eatre radicalement transform\u00e9 au d\u00e9but du XIXe si\u00e8cle. Seules les <strong>parties basses<\/strong>  :  caves, soubassements et fondations  :  subsistent aujourd&rsquo;hui de cette construction originelle.<\/p>\n\n\n\n<h2 class=\"wp-block-heading\">Les propri\u00e9taires successifs jusqu&rsquo;\u00e0 la famille Fontaine<\/h2>\n\n\n\n<p>Apr\u00e8s les Hazeville, le ch\u00e2teau change plusieurs fois de mains au XVIIIe si\u00e8cle. En <strong>1714<\/strong>, le domaine  :  qui s&rsquo;\u00e9tend alors sur un millier d&rsquo;hectares de terres, for\u00eats et prairies  :  est vendu \u00e0 <strong>Jean-Remy Hainault<\/strong>, conseiller secr\u00e9taire du roi et fermier g\u00e9n\u00e9ral. Ce dernier n&rsquo;y r\u00e9sidera que trois ans : ruin\u00e9, il revend en <strong>1717<\/strong> \u00e0 <strong>Joachim Fresnier<\/strong>, contr\u00f4leur g\u00e9n\u00e9ral de la Maison du duc d&rsquo;Orl\u00e9ans. Son fils Philippe lui succ\u00e8de, avant que le domaine ne passe entre les mains de <strong>Luc Violette<\/strong> en 1765, puis d&rsquo;autres propri\u00e9taires jusqu&rsquo;\u00e0 l&rsquo;arriv\u00e9e des Fontaine au d\u00e9but du XIXe si\u00e8cle.<\/p>\n\n\n\n<p>C&rsquo;est avec la famille <strong>Fontaine<\/strong>, \u00e0 partir de <strong>1806<\/strong>, que le ch\u00e2teau entre dans sa p\u00e9riode architecturale la plus marquante. Cette famille est associ\u00e9e \u00e0 l&rsquo;un des architectes les plus influents de l&rsquo;\u00e9poque napol\u00e9onienne : <strong>Pierre Fontaine<\/strong> (1762 &#8211; 1853), premier architecte de l&rsquo;Empereur, qui a notamment \u0153uvr\u00e9 aux Tuileries, au ch\u00e2teau de Compi\u00e8gne, \u00e0 Malmaison et \u00e0 Saint-Cloud.<\/p>\n\n\n\n<h2 class=\"wp-block-heading\">Pierre Fontaine et la transformation n\u00e9oclassique<\/h2>\n\n\n\n<p>Sous l&rsquo;impulsion de la famille Fontaine, le ch\u00e2teau conna\u00eet une <strong>transformation radicale<\/strong>. Le manoir Renaissance est en grande partie d\u00e9moli  :  seuls les sous-sols sont conserv\u00e9s. \u00c0 sa place s&rsquo;\u00e9l\u00e8ve un \u00e9difice enti\u00e8rement nouveau, dans l&rsquo;esprit n\u00e9oclassique qui caract\u00e9rise l&rsquo;architecture de l&rsquo;Empire et de la Restauration.<\/p>\n\n\n\n<p>Le nouveau b\u00e2timent se distingue par plusieurs \u00e9l\u00e9ments architecturaux remarquables :<\/p>\n\n\n\n<ul class=\"wp-block-list\"><li>Un <strong>toit en croupe droite<\/strong>  :  forme sobre et \u00e9l\u00e9gante, typique de l&rsquo;architecture n\u00e9oclassique fran\u00e7aise, qui donne au ch\u00e2teau sa silhouette imm\u00e9diatement reconnaissable depuis la route d\u00e9partementale<\/li><li><strong>Trois lucarnes<\/strong> \u00e0 fronton triangulaire qui rythment le comble et apportent de la lumi\u00e8re aux espaces sous les toits<\/li><li><strong>Sept trav\u00e9es en fa\u00e7ade<\/strong>, rythm\u00e9es par des pilastres sculpt\u00e9s  :  les pilastres d&rsquo;angle aux \u00e9tages arborent des chapiteaux <strong>doriques<\/strong> (\u00e9tage bas) et <strong>ioniques<\/strong> (\u00e9tage haut), r\u00e9f\u00e9rence directe \u00e0 l&rsquo;architecture antique<\/li><li>Une <strong>porte d&rsquo;entr\u00e9e monumentale<\/strong> surmont\u00e9e d&rsquo;un fronton cintr\u00e9, encadr\u00e9e de colonnes qui soulignent l&rsquo;axe central de la fa\u00e7ade<\/li><li>Des <strong>pierres de taille<\/strong> soigneusement appareill\u00e9es, probablement issues des m\u00eames carri\u00e8res de calcaire lut\u00e9tien que l&rsquo;\u00e9difice du XVIe si\u00e8cle<\/li><\/ul>\n\n\n\n<p>Cette fa\u00e7ade, orient\u00e9e au sud-ouest, b\u00e9n\u00e9ficie d&rsquo;un bel ensoleillement en fin de journ\u00e9e. Elle domine un parc \u00e0 l&rsquo;anglaise plant\u00e9 d&rsquo;arbres centenaires  :  ch\u00eanes, tilleuls, marronniers  :  qui constituent aujourd&rsquo;hui l&rsquo;un des \u00e9l\u00e9ments les plus spectaculaires du domaine.<\/p>\n\n\n\n<h2 class=\"wp-block-heading\">L&rsquo;int\u00e9rieur : un m\u00e9lange d&rsquo;\u00e9poques et de styles<\/h2>\n\n\n\n<p>\u00c0 l&rsquo;int\u00e9rieur, le ch\u00e2teau offre un voyage dans le temps. Les <strong>parquets en ch\u00eane massif<\/strong>, les <strong>chemin\u00e9es en pierre de taille<\/strong>, les <strong>boiseries moulur\u00e9es<\/strong> et les <strong>hauts plafonds<\/strong> t\u00e9moignent du soin apport\u00e9 par les Fontaine \u00e0 la d\u00e9coration int\u00e9rieure. Certaines pi\u00e8ces conservent des \u00e9l\u00e9ments du XVIIIe si\u00e8cle r\u00e9cup\u00e9r\u00e9s lors de la d\u00e9molition partielle de l&rsquo;\u00e9difice pr\u00e9c\u00e9dent, cr\u00e9ant une stratification historique fascinante.<\/p>\n\n\n\n<p>Les caves, derniers vestiges du manoir originel de 1560, sont impressionnantes : leurs vo\u00fbtes en berceau de pierre calcaire, dont certaines portent encore les marques des outils des tailleurs de pierre Renaissance, t\u00e9moignent de la solidit\u00e9 et du savoir-faire des b\u00e2tisseurs du XVIe si\u00e8cle. Elles sont aujourd&rsquo;hui utilis\u00e9es pour le stockage et, lors de certains \u00e9v\u00e9nements, comme espace de d\u00e9gustation.<\/p>\n\n\n\n<h2 class=\"wp-block-heading\">Le ch\u00e2teau aujourd&rsquo;hui : patrimoine vivant<\/h2>\n\n\n\n<p>Class\u00e9 au patrimoine historique et architectural du Vexin fran\u00e7ais, le Ch\u00e2teau d&rsquo;Hazeville est aujourd&rsquo;hui bien plus qu&rsquo;un monument : c&rsquo;est un <strong>lieu de vie et de partage<\/strong>, ouvert aux mariages, s\u00e9minaires, tournages et h\u00e9bergements de groupe. La famille Deneck, propri\u00e9taire depuis le XXe si\u00e8cle, veille jalousement \u00e0 la pr\u00e9servation de cet h\u00e9ritage tout en lui insufflant une nouvelle vitalit\u00e9.<\/p>\n\n\n\n<p>Les travaux de restauration se poursuivent au fil des ann\u00e9es : consolidation des toitures, r\u00e9novation des enduits ext\u00e9rieurs, mise aux normes des installations int\u00e9rieures  :  autant de chantiers qui exigent patience, ressources et expertise. Car entretenir un ch\u00e2teau, c&rsquo;est aussi une fa\u00e7on de le transmettre intact aux g\u00e9n\u00e9rations qui viendront apr\u00e8s nous.<\/p>\n\n\n\n<p>Si vous souhaitez d\u00e9couvrir le ch\u00e2teau de visu, nous vous invitons \u00e0 <a href=\"\/contact\/\">nous contacter<\/a> pour organiser une visite ou pour discuter de votre projet d&rsquo;\u00e9v\u00e9nement. Pierre Fontaine aurait probablement appr\u00e9ci\u00e9 que sa demeure soit encore admir\u00e9e, deux si\u00e8cles apr\u00e8s sa construction.<\/p>","protected":false},"excerpt":{"rendered":"<p>De la Renaissance au n\u00e9oclassicisme napol\u00e9onien, le Manoir d&rsquo;Hazeville est le r\u00e9sultat de cinq si\u00e8cles de constructions, de remaniements et de soins port\u00e9s \u00e0 une demeure d&rsquo;exception. Retour sur l&rsquo;architecture remarquable de ce ch\u00e2teau du Vexin fran\u00e7ais. 1560 : la construction du manoir originel C&rsquo;est en 1560 que Charles Lefebvre, seigneur d&rsquo;Hazeville, des Essarts et [&hellip;]<\/p>\n","protected":false},"author":1,"featured_media":0,"comment_status":"closed","ping_status":"closed","sticky":false,"template":"","format":"standard","meta":{"_et_pb_use_builder":"on","_et_pb_old_content":"<!-- wp:paragraph -->\n<p>Welcome to WordPress. This is your first post. Edit or delete it, then start writing!<\/p>\n<!-- \/wp:paragraph -->","_et_gb_content_width":"","footnotes":""},"categories":[22],"tags":[],"class_list":["post-1","post","type-post","status-publish","format-standard","hentry","category-histoire-chateau"],"_links":{"self":[{"href":"https:\/\/www.hazeville.fr\/en\/wp-json\/wp\/v2\/posts\/1","targetHints":{"allow":["GET"]}}],"collection":[{"href":"https:\/\/www.hazeville.fr\/en\/wp-json\/wp\/v2\/posts"}],"about":[{"href":"https:\/\/www.hazeville.fr\/en\/wp-json\/wp\/v2\/types\/post"}],"author":[{"embeddable":true,"href":"https:\/\/www.hazeville.fr\/en\/wp-json\/wp\/v2\/users\/1"}],"replies":[{"embeddable":true,"href":"https:\/\/www.hazeville.fr\/en\/wp-json\/wp\/v2\/comments?post=1"}],"version-history":[{"count":13,"href":"https:\/\/www.hazeville.fr\/en\/wp-json\/wp\/v2\/posts\/1\/revisions"}],"predecessor-version":[{"id":3939,"href":"https:\/\/www.hazeville.fr\/en\/wp-json\/wp\/v2\/posts\/1\/revisions\/3939"}],"wp:attachment":[{"href":"https:\/\/www.hazeville.fr\/en\/wp-json\/wp\/v2\/media?parent=1"}],"wp:term":[{"taxonomy":"category","embeddable":true,"href":"https:\/\/www.hazeville.fr\/en\/wp-json\/wp\/v2\/categories?post=1"},{"taxonomy":"post_tag","embeddable":true,"href":"https:\/\/www.hazeville.fr\/en\/wp-json\/wp\/v2\/tags?post=1"}],"curies":[{"name":"wp","href":"https:\/\/api.w.org\/{rel}","templated":true}]}}