{"id":1029,"date":"2023-07-04T09:28:56","date_gmt":"2023-07-04T09:28:56","guid":{"rendered":"https:\/\/www.hazeville.fr\/?p=1029"},"modified":"2026-04-19T14:47:37","modified_gmt":"2026-04-19T14:47:37","slug":"le-vestiaire","status":"publish","type":"post","link":"https:\/\/www.hazeville.fr\/en\/le-vestiaire\/","title":{"rendered":"Le Vestiaire"},"content":{"rendered":"[et_pb_section fb_built=\u00a0\u00bb1&Prime; admin_label=\u00a0\u00bbsection\u00a0\u00bb _builder_version=\u00a0\u00bb4.16&Prime; global_colors_info=\u00a0\u00bb{}\u00a0\u00bb theme_builder_area=\u00a0\u00bbpost_content\u00a0\u00bb][et_pb_row column_structure=\u00a0\u00bb1_2,1_2&Prime; use_custom_gutter=\u00a0\u00bbon\u00a0\u00bb gutter_width=\u00a0\u00bb2&Prime; admin_label=\u00a0\u00bbrow\u00a0\u00bb _builder_version=\u00a0\u00bb4.19.0&Prime; background_size=\u00a0\u00bbinitial\u00a0\u00bb background_position=\u00a0\u00bbtop_left\u00a0\u00bb background_repeat=\u00a0\u00bbrepeat\u00a0\u00bb global_colors_info=\u00a0\u00bb{}\u00a0\u00bb theme_builder_area=\u00a0\u00bbpost_content\u00a0\u00bb][et_pb_column type=\u00a0\u00bb1_2&Prime; _builder_version=\u00a0\u00bb4.16&Prime; custom_padding=\u00a0\u00bb|||\u00a0\u00bb global_colors_info=\u00a0\u00bb{}\u00a0\u00bb custom_padding__hover=\u00a0\u00bb|||\u00a0\u00bb theme_builder_area=\u00a0\u00bbpost_content\u00a0\u00bb][et_pb_text admin_label=\u00a0\u00bbText\u00a0\u00bb _builder_version=\u00a0\u00bb4.21.0&Prime; background_size=\u00a0\u00bbinitial\u00a0\u00bb background_position=\u00a0\u00bbtop_left\u00a0\u00bb background_repeat=\u00a0\u00bbrepeat\u00a0\u00bb global_colors_info=\u00a0\u00bb{}\u00a0\u00bb theme_builder_area=\u00a0\u00bbpost_content\u00a0\u00bb]<p style=\"font-weight: 400;\">Gr\u00e9goire Deneck lors de son voyage \u00e0 S\u00e9ville en juillet 1995, a d\u00e9couvert des merveilles artistiques. Bien que n&rsquo;ayant pas pu visiter la \u00ab Casa del Pilato \u00bb, il a ramen\u00e9 des photos des superbes carreaux de fa\u00efence ornant les murs.<\/p>\n<p style=\"font-weight: 400;\">Guy Deneck son p\u00e8re s&rsquo;en est servir de motif pour le parquet peint de la future salle des vestiaires \u00e0 Hazeville.<\/p>\n<p style=\"font-weight: 400;\">Il a \u00e9galement envisag\u00e9 d&rsquo;utiliser une tapisserie Pansu, agr\u00e9ment\u00e9e d&rsquo;une bordure, et de transformer la banquette en ciment qui accueille les lavabos.<\/p>\n<p style=\"font-weight: 400;\">Gr\u00e2ce \u00e0 cette inspiration s\u00e9villane, les vestiaires d&rsquo;Hazeville se doteront d&rsquo;un charme unique. Les carreaux de fa\u00efence, le parquet peint, la tapisserie Pansu et la banquette en ciment fusionneront pour cr\u00e9er un espace \u00e0 la fois fonctionnel et esth\u00e9tiquement plaisant.<\/p>\n<div><span>Ce voyage \u00e0 S\u00e9ville a d\u00e9montr\u00e9 la puissance de l&rsquo;inspiration dans la conception d&rsquo;un environnement exceptionnel. Les souvenirs que Gr\u00e9goire Deneck a rapport\u00e9s prennent vie, ajoutant une touche artistique \u00e0 notre quotidien<\/span><\/div>\n<div><\/div>\n<p style=\"text-align: justify;\"><em>Ab\u00e9c\u00e9daire d&rsquo;Hazeville, Guy Deneck<\/em><\/p>\n<p>&nbsp;<\/p>\n<p>&nbsp;<\/p>\n<p>&nbsp;<\/p>\n<!-- \/divi:paragraph -->[\/et_pb_text][\/et_pb_column][et_pb_column type=\u00a0\u00bb1_2&Prime; _builder_version=\u00a0\u00bb4.16&Prime; custom_padding=\u00a0\u00bb|||\u00a0\u00bb global_colors_info=\u00a0\u00bb{}\u00a0\u00bb custom_padding__hover=\u00a0\u00bb|||\u00a0\u00bb theme_builder_area=\u00a0\u00bbpost_content\u00a0\u00bb][et_pb_image src=\u00a0\u00bbhttps:\/\/www.hazeville.fr\/wp-content\/uploads\/2023\/07\/vestiaire-1.jpg\u00a0\u00bb alt=\u00a0\u00bbSalle de bain Duchesse de Villars\u00a0\u00bb title_text=\u00a0\u00bbVestiaire Hazeville\u00a0\u00bb _builder_version=\u00a0\u00bb4.21.0&Prime; _module_preset=\u00a0\u00bbdefault\u00a0\u00bb global_colors_info=\u00a0\u00bb{}\u00a0\u00bb theme_builder_area=\u00a0\u00bbpost_content\u00a0\u00bb][\/et_pb_image][\/et_pb_column][\/et_pb_row][\/et_pb_section]\n\n\n<h2 class=\"wp-block-heading\">Un vestiaire pens\u00e9 pour vos invit\u00e9s<\/h2>\n\n\n<p>Au Ch\u00e2teau d\u2019Hazeville, le confort de vos invit\u00e9s commence d\u00e8s leur arriv\u00e9e. Notre vestiaire privatif a \u00e9t\u00e9 amenag\u00e9 dans une piece adjacente aux salles de r\u00e9ception, offrant un espace securise pour les manteaux, sacs et effets personnels. Avec une capacite suffisante pour accueillir jusqu&rsquo;a 160 personnes, il permet a chacun de profiter pleinement de la soiree, sans encombrement.<\/p>\n\n\n<h2 class=\"wp-block-heading\">Des services pens\u00e9s pour le confort<\/h2>\n\n\n<p>Le vestiaire du ch\u00e2teau dispose d&rsquo;un systeme numerote, permettant une gestion fluide lors des grandes soirees. Nos \u00e9quipes vous conseillent sur les meilleures pratiques pour organiser l&rsquo;accueil et le depart de vos invit\u00e9s. Une attention particuliere aux d\u00e9tails fait toute la diff\u00e9rence dans l&rsquo;experience de vos convives.<\/p>\n\n\n<h2 class=\"wp-block-heading\">Integre dans l&rsquo;experience globale du chateau<\/h2>\n\n\n<p>Le vestiaire s&rsquo;inscrit dans une experience globale pensee pour le haut de gamme. Du parking priv\u00e9 de 200 places aux suites et gites pour 45 couchages, tout est concu pour que vos invit\u00e9s se sentent chez eux. L&rsquo;architecture du ch\u00e2teau, remaniee au XIXe si\u00e8cle par Pierre Fontaine, apporte son caract\u00e8re unique a chaque espace.<\/p>\n\n\n<p>Pour d\u00e9couvrir l&rsquo;ensemble des services et l&rsquo;organisation d&rsquo;un \u00e9v\u00e9nement au ch\u00e2teau, consultez notre page <a href=\"https:\/\/www.hazeville.fr\/comment-ca-se-passe\/\">Comment ca se passe<\/a>.<\/p>\n","protected":false},"excerpt":{"rendered":"<p>Gr\u00e9goire Deneck lors de son voyage \u00e0 S\u00e9ville en juillet 1995, a d\u00e9couvert des merveilles artistiques. Bien que n&rsquo;ayant pas pu visiter la \u00ab Casa del Pilato \u00bb, il a ramen\u00e9 des photos des superbes carreaux de fa\u00efence ornant les murs. Guy Deneck son p\u00e8re s&rsquo;en est servir de motif pour le parquet peint de [&hellip;]<\/p>\n","protected":false},"author":2,"featured_media":0,"comment_status":"closed","ping_status":"closed","sticky":false,"template":"","format":"standard","meta":{"_et_pb_use_builder":"on","_et_pb_old_content":"<!-- wp:paragraph -->\n<p>Welcome to WordPress. This is your first post. Edit or delete it, then start writing!<\/p>\n<!-- \/wp:paragraph -->","_et_gb_content_width":"","footnotes":""},"categories":[22],"tags":[],"class_list":["post-1029","post","type-post","status-publish","format-standard","hentry","category-histoire-chateau"],"_links":{"self":[{"href":"https:\/\/www.hazeville.fr\/en\/wp-json\/wp\/v2\/posts\/1029","targetHints":{"allow":["GET"]}}],"collection":[{"href":"https:\/\/www.hazeville.fr\/en\/wp-json\/wp\/v2\/posts"}],"about":[{"href":"https:\/\/www.hazeville.fr\/en\/wp-json\/wp\/v2\/types\/post"}],"author":[{"embeddable":true,"href":"https:\/\/www.hazeville.fr\/en\/wp-json\/wp\/v2\/users\/2"}],"replies":[{"embeddable":true,"href":"https:\/\/www.hazeville.fr\/en\/wp-json\/wp\/v2\/comments?post=1029"}],"version-history":[{"count":5,"href":"https:\/\/www.hazeville.fr\/en\/wp-json\/wp\/v2\/posts\/1029\/revisions"}],"predecessor-version":[{"id":4775,"href":"https:\/\/www.hazeville.fr\/en\/wp-json\/wp\/v2\/posts\/1029\/revisions\/4775"}],"wp:attachment":[{"href":"https:\/\/www.hazeville.fr\/en\/wp-json\/wp\/v2\/media?parent=1029"}],"wp:term":[{"taxonomy":"category","embeddable":true,"href":"https:\/\/www.hazeville.fr\/en\/wp-json\/wp\/v2\/categories?post=1029"},{"taxonomy":"post_tag","embeddable":true,"href":"https:\/\/www.hazeville.fr\/en\/wp-json\/wp\/v2\/tags?post=1029"}],"curies":[{"name":"wp","href":"https:\/\/api.w.org\/{rel}","templated":true}]}}