{"id":760,"date":"2023-05-22T12:59:58","date_gmt":"2023-05-22T12:59:58","guid":{"rendered":"https:\/\/www.hazeville.fr\/?p=760"},"modified":"2026-04-20T21:57:09","modified_gmt":"2026-04-20T21:57:09","slug":"calvin-est-il-passe-par-hazeville","status":"publish","type":"post","link":"https:\/\/www.hazeville.fr\/en\/calvin-est-il-passe-par-hazeville\/","title":{"rendered":"Calvin est-il pass\u00e9 par Hazeville ?"},"content":{"rendered":"[et_pb_section fb_built=\u00a0\u00bb1&Prime; admin_label=\u00a0\u00bbsection\u00a0\u00bb _builder_version=\u00a0\u00bb4.16&Prime; global_colors_info=\u00a0\u00bb{}\u00a0\u00bb theme_builder_area=\u00a0\u00bbpost_content\u00a0\u00bb][et_pb_row column_structure=\u00a0\u00bb2_3,1_3&Prime; use_custom_gutter=\u00a0\u00bbon\u00a0\u00bb gutter_width=\u00a0\u00bb2&Prime; admin_label=\u00a0\u00bbrow\u00a0\u00bb _builder_version=\u00a0\u00bb4.19.0&Prime; background_size=\u00a0\u00bbinitial\u00a0\u00bb background_position=\u00a0\u00bbtop_left\u00a0\u00bb background_repeat=\u00a0\u00bbrepeat\u00a0\u00bb global_colors_info=\u00a0\u00bb{}\u00a0\u00bb theme_builder_area=\u00a0\u00bbpost_content\u00a0\u00bb][et_pb_column type=\u00a0\u00bb2_3&Prime; _builder_version=\u00a0\u00bb4.16&Prime; custom_padding=\u00a0\u00bb|||\u00a0\u00bb global_colors_info=\u00a0\u00bb{}\u00a0\u00bb custom_padding__hover=\u00a0\u00bb|||\u00a0\u00bb theme_builder_area=\u00a0\u00bbpost_content\u00a0\u00bb][et_pb_text admin_label=\u00a0\u00bbText\u00a0\u00bb _builder_version=\u00a0\u00bb4.19.0&Prime; background_size=\u00a0\u00bbinitial\u00a0\u00bb background_position=\u00a0\u00bbtop_left\u00a0\u00bb background_repeat=\u00a0\u00bbrepeat\u00a0\u00bb width=\u00a0\u00bb100%\u00a0\u00bb global_colors_info=\u00a0\u00bb{}\u00a0\u00bb theme_builder_area=\u00a0\u00bbpost_content\u00a0\u00bb]<p>Dans le domaine d\u2019Hazeville se trouve le pavillon de Calvin, ou du moins ce qu\u2019il en reste. \u00a0Pourtant, Calvin est-il r\u00e9ellement pass\u00e9 par Hazeville\u00a0?<\/p>\n<p style=\"text-align: justify;\">En effet, on pr\u00e9tend que Calvin (1509-1564), pasteur embl\u00e9matique de la R\u00e9forme protestante du XVI\u1d49 si\u00e8cle, se r\u00e9fugia chez son ami le Seigneur de Hazeville durant l\u2019hiver 1533-1534 ou il aurait compos\u00e9 dans son pavillon plusieurs livres, donc <em>L\u2019institution de la religion chr\u00e9tienne<\/em>, d\u00e9di\u00e9e \u00e0 Fran\u00e7ois Ier. On dit m\u00eame que les seigneurs de Hazeville, calvinistes, ont conserv\u00e9 longtemps le manuscrit.<\/p>\n<p style=\"text-align: justify;\">Ces propos se basent sur plusieurs l\u00e9gendes, ainsi que la signature de Calvin, usant plusieurs fois du pseudonyme Hapeville dans ses \u00e9crits.<\/p>\n<p style=\"text-align: justify;\">On raconte m\u00eame\u00a0que le hameau \u00ab\u00a0Enfer\u00a0\u00bb de Wy-dit-Joli-VilLage porterait ce nom suite au s\u00e9jour de Calvin au ch\u00e2teau qui aurait essay\u00e9 de propager \u00e0 l\u2019occasion le protestantisme parmi les habitants catholiques du hameau.<\/p>\n<p style=\"text-align: justify;\">Pour autant, Calvin n\u2019aurait pas s\u00e9journ\u00e9 directement au ch\u00e2teau d\u2019Hazeville mais au ch\u00e2teau de Gadancourt, non loin de l\u00e0. Plus encore, si l\u2019on est capable de retracer chacun des d\u00e9placements de Calvin entre 1532 et 1535, aucun ne mentionne ce potentiel passage \u00e0 Hazeville.<\/p>\n<p style=\"text-align: justify;\"><\/p>[\/et_pb_text][\/et_pb_column][et_pb_column type=\u00a0\u00bb1_3&Prime; _builder_version=\u00a0\u00bb4.16&Prime; custom_padding=\u00a0\u00bb|||\u00a0\u00bb global_colors_info=\u00a0\u00bb{}\u00a0\u00bb custom_padding__hover=\u00a0\u00bb|||\u00a0\u00bb theme_builder_area=\u00a0\u00bbpost_content\u00a0\u00bb][et_pb_image src=\u00a0\u00bbhttps:\/\/www.hazeville.fr\/wp-content\/uploads\/2023\/05\/Calvin.png\u00a0\u00bb alt=\u00a0\u00bbSalle de bain Duchesse de Villars\u00a0\u00bb title_text=\u00a0\u00bbCalvin\u00a0\u00bb align=\u00a0\u00bbright\u00a0\u00bb force_fullwidth=\u00a0\u00bbon\u00a0\u00bb _builder_version=\u00a0\u00bb4.19.0&Prime; _module_preset=\u00a0\u00bbdefault\u00a0\u00bb min_height=\u00a0\u00bb385.1px\u00a0\u00bb custom_margin=\u00a0\u00bb|216px||||\u00a0\u00bb custom_padding=\u00a0\u00bb|||0px||\u00a0\u00bb global_colors_info=\u00a0\u00bb{}\u00a0\u00bb theme_builder_area=\u00a0\u00bbpost_content\u00a0\u00bb][\/et_pb_image][\/et_pb_column][\/et_pb_row][\/et_pb_section][et_pb_section fb_built=\u00a0\u00bb1&Prime; _builder_version=\u00a0\u00bb4.19.0&Prime; _module_preset=\u00a0\u00bbdefault\u00a0\u00bb global_colors_info=\u00a0\u00bb{}\u00a0\u00bb theme_builder_area=\u00a0\u00bbpost_content\u00a0\u00bb][et_pb_row column_structure=\u00a0\u00bb1_2,1_2&Prime; _builder_version=\u00a0\u00bb4.19.0&Prime; _module_preset=\u00a0\u00bbdefault\u00a0\u00bb global_colors_info=\u00a0\u00bb{}\u00a0\u00bb theme_builder_area=\u00a0\u00bbpost_content\u00a0\u00bb][et_pb_column type=\u00a0\u00bb1_2&Prime; _builder_version=\u00a0\u00bb4.19.0&Prime; _module_preset=\u00a0\u00bbdefault\u00a0\u00bb global_colors_info=\u00a0\u00bb{}\u00a0\u00bb theme_builder_area=\u00a0\u00bbpost_content\u00a0\u00bb][et_pb_image src=\u00a0\u00bbhttps:\/\/www.hazeville.fr\/wp-content\/uploads\/2023\/05\/1914.jpg\u00a0\u00bb title_text=\u00a0\u00bb1914&Prime; _builder_version=\u00a0\u00bb4.19.0&Prime; _module_preset=\u00a0\u00bbdefault\u00a0\u00bb width=\u00a0\u00bb94%\u00a0\u00bb min_height=\u00a0\u00bb148.2px\u00a0\u00bb custom_margin=\u00a0\u00bb||51px|||\u00a0\u00bb custom_padding=\u00a0\u00bb|0px|0px|||\u00a0\u00bb global_colors_info=\u00a0\u00bb{}\u00a0\u00bb theme_builder_area=\u00a0\u00bbpost_content\u00a0\u00bb][\/et_pb_image][et_pb_image src=\u00a0\u00bbhttps:\/\/www.hazeville.fr\/wp-content\/uploads\/2023\/05\/2023.jpg\u00a0\u00bb title_text=\u00a0\u00bb2023&Prime; _builder_version=\u00a0\u00bb4.19.0&Prime; _module_preset=\u00a0\u00bbdefault\u00a0\u00bb width=\u00a0\u00bb94%\u00a0\u00bb min_height=\u00a0\u00bb81.6px\u00a0\u00bb custom_margin=\u00a0\u00bb-46px|||||\u00a0\u00bb global_colors_info=\u00a0\u00bb{}\u00a0\u00bb theme_builder_area=\u00a0\u00bbpost_content\u00a0\u00bb][\/et_pb_image][\/et_pb_column][et_pb_column type=\u00a0\u00bb1_2&Prime; _builder_version=\u00a0\u00bb4.19.0&Prime; _module_preset=\u00a0\u00bbdefault\u00a0\u00bb global_colors_info=\u00a0\u00bb{}\u00a0\u00bb theme_builder_area=\u00a0\u00bbpost_content\u00a0\u00bb][et_pb_text _builder_version=\u00a0\u00bb4.19.0&Prime; _module_preset=\u00a0\u00bbdefault\u00a0\u00bb min_height=\u00a0\u00bb526.5px\u00a0\u00bb custom_margin=\u00a0\u00bb|||0px|false|false\u00a0\u00bb custom_padding=\u00a0\u00bb||207px|||\u00a0\u00bb hover_enabled=\u00a0\u00bb0&Prime; global_colors_info=\u00a0\u00bb{}\u00a0\u00bb theme_builder_area=\u00a0\u00bbpost_content\u00a0\u00bb sticky_enabled=\u00a0\u00bb0&Prime;]<p style=\"text-align: justify;\">Alors, Calvin est-il r\u00e9ellement pass\u00e9 \u00e0 Hazeville ? Ceux qui croient dur comme fer \u00e0 son passage par tous les indices trouv\u00e9s, et ceux qui ont retrac\u00e9s tous ses voyages ne se mettront s\u00fbrement jamais d\u2019accord. A vous donc de vous en faire votre propre id\u00e9e.<\/p>\n<p style=\"text-align: justify;\">Dans tous les cas, dans le parc du ch\u00e2teau se situent les vestiges de la maison de Calvin, d\u00e9truite pendant la seconde guerre mondiale.<\/p>\n<p style=\"text-align: justify;\">Le pavillon resta en bon \u00e9tat jusqu\u2019\u00e0 la seconde guerre mondiale. D\u00e9truit par une bombe en 1944, il n\u2019en reste aujourd\u2019hui qu\u2019un mur, entre deux pierres angulaires, recouvert par de la verdure. Il se situ\u00e9 pr\u00e8s de la terrasse du ch\u00e2teau d\u2019Hazeville.<\/p>\n<p style=\"text-align: justify;\">\n<p style=\"text-align: justify;\"><em>Sources : <\/em><em>Note sur le ch\u00e2teau et les seigneurs de Hazeville, Vicomte Ren\u00e9 de Villers, Interm\u00e9diaire des chercheurs et curieux, 1903<\/em><\/p>\n<p style=\"text-align: justify;\"><em>Ab\u00e9c\u00e9daire d\u2019Hazeville, 2001, Guy Deneck<\/em><\/p>[\/et_pb_text][\/et_pb_column][\/et_pb_row][\/et_pb_section]<!-- \/wp:post-content -->","protected":false},"excerpt":{"rendered":"<p>Dans le domaine d\u2019Hazeville se trouve le pavillon de Calvin, ou du moins ce qu\u2019il en reste. \u00a0Pourtant, Calvin est-il r\u00e9ellement pass\u00e9 par Hazeville\u00a0? En effet, on pr\u00e9tend que Calvin (1509-1564), pasteur embl\u00e9matique de la R\u00e9forme protestante du XVI\u1d49 si\u00e8cle, se r\u00e9fugia chez son ami le Seigneur de Hazeville durant l\u2019hiver 1533-1534 ou il aurait [&hellip;]<\/p>\n","protected":false},"author":2,"featured_media":0,"comment_status":"closed","ping_status":"closed","sticky":false,"template":"","format":"standard","meta":{"_et_pb_use_builder":"on","_et_pb_old_content":"<!-- wp:paragraph -->\n<p>Welcome to WordPress. This is your first post. Edit or delete it, then start writing!<\/p>\n<!-- \/wp:paragraph -->","_et_gb_content_width":"","footnotes":""},"categories":[22],"tags":[],"class_list":["post-760","post","type-post","status-publish","format-standard","hentry","category-histoire-chateau"],"_links":{"self":[{"href":"https:\/\/www.hazeville.fr\/en\/wp-json\/wp\/v2\/posts\/760","targetHints":{"allow":["GET"]}}],"collection":[{"href":"https:\/\/www.hazeville.fr\/en\/wp-json\/wp\/v2\/posts"}],"about":[{"href":"https:\/\/www.hazeville.fr\/en\/wp-json\/wp\/v2\/types\/post"}],"author":[{"embeddable":true,"href":"https:\/\/www.hazeville.fr\/en\/wp-json\/wp\/v2\/users\/2"}],"replies":[{"embeddable":true,"href":"https:\/\/www.hazeville.fr\/en\/wp-json\/wp\/v2\/comments?post=760"}],"version-history":[{"count":31,"href":"https:\/\/www.hazeville.fr\/en\/wp-json\/wp\/v2\/posts\/760\/revisions"}],"predecessor-version":[{"id":4781,"href":"https:\/\/www.hazeville.fr\/en\/wp-json\/wp\/v2\/posts\/760\/revisions\/4781"}],"wp:attachment":[{"href":"https:\/\/www.hazeville.fr\/en\/wp-json\/wp\/v2\/media?parent=760"}],"wp:term":[{"taxonomy":"category","embeddable":true,"href":"https:\/\/www.hazeville.fr\/en\/wp-json\/wp\/v2\/categories?post=760"},{"taxonomy":"post_tag","embeddable":true,"href":"https:\/\/www.hazeville.fr\/en\/wp-json\/wp\/v2\/tags?post=760"}],"curies":[{"name":"wp","href":"https:\/\/api.w.org\/{rel}","templated":true}]}}