{"id":850,"date":"2023-05-24T08:17:28","date_gmt":"2023-05-24T08:17:28","guid":{"rendered":"https:\/\/www.hazeville.fr\/?p=850"},"modified":"2026-04-20T21:57:09","modified_gmt":"2026-04-20T21:57:09","slug":"le-loft","status":"publish","type":"post","link":"https:\/\/www.hazeville.fr\/en\/le-loft\/","title":{"rendered":"Le loft"},"content":{"rendered":"[et_pb_section fb_built=\u00a0\u00bb1&Prime; admin_label=\u00a0\u00bbsection\u00a0\u00bb _builder_version=\u00a0\u00bb4.16&Prime; global_colors_info=\u00a0\u00bb{}\u00a0\u00bb theme_builder_area=\u00a0\u00bbpost_content\u00a0\u00bb][et_pb_row column_structure=\u00a0\u00bb1_2,1_2&Prime; use_custom_gutter=\u00a0\u00bbon\u00a0\u00bb gutter_width=\u00a0\u00bb2&Prime; admin_label=\u00a0\u00bbrow\u00a0\u00bb _builder_version=\u00a0\u00bb4.19.0&Prime; background_size=\u00a0\u00bbinitial\u00a0\u00bb background_position=\u00a0\u00bbtop_left\u00a0\u00bb background_repeat=\u00a0\u00bbrepeat\u00a0\u00bb global_colors_info=\u00a0\u00bb{}\u00a0\u00bb theme_builder_area=\u00a0\u00bbpost_content\u00a0\u00bb][et_pb_column type=\u00a0\u00bb1_2&Prime; _builder_version=\u00a0\u00bb4.16&Prime; custom_padding=\u00a0\u00bb|||\u00a0\u00bb global_colors_info=\u00a0\u00bb{}\u00a0\u00bb custom_padding__hover=\u00a0\u00bb|||\u00a0\u00bb theme_builder_area=\u00a0\u00bbpost_content\u00a0\u00bb][et_pb_text admin_label=\u00a0\u00bbText\u00a0\u00bb _builder_version=\u00a0\u00bb4.19.0&Prime; background_size=\u00a0\u00bbinitial\u00a0\u00bb background_position=\u00a0\u00bbtop_left\u00a0\u00bb background_repeat=\u00a0\u00bbrepeat\u00a0\u00bb global_colors_info=\u00a0\u00bb{}\u00a0\u00bb theme_builder_area=\u00a0\u00bbpost_content\u00a0\u00bb]<p style=\"text-align: justify;\">A l\u2019origine, se trouvait dans cette partie du corps de ferme un grenier.<\/p>\n<p style=\"text-align: justify;\">Restaur\u00e9 au fur et \u00e0 mesure, en commen\u00e7ant par le toit et les auvents, aujourd\u2019hui on y trouve un loft moderne de 12 couchages disponible \u00e0 la location, dans un endroit agr\u00e9able et ouvert.<\/p>\n<p style=\"text-align: justify;\">L\u2019objectif \u00e9tait de pouvoir transformer ce grenier en logement contenant une cuisine, un escalier un vestiaire, des toilettes et deux grandes salles de r\u00e9ception (aujourd\u2019hui les salles Percier et Fontaine). C\u2019est en 1997 que les travaux de r\u00e9novation commencent.<\/p>\n<p style=\"text-align: justify;\">\n<p style=\"text-align: justify;\">Il est \u00e0 la fois un endroit priv\u00e9 pour ceux qui viennent y retrouver le calme, et un espace a\u00e9r\u00e9 \u00e0 l\u2019int\u00e9rieur par sa hauteur sous plafond de 6m et sa passerelle qui donne ce c\u00f4t\u00e9 ouvert am\u00e9ricain au loft.<\/p>\n<p><\/p>[\/et_pb_text][\/et_pb_column][et_pb_column type=\u00a0\u00bb1_2&Prime; _builder_version=\u00a0\u00bb4.16&Prime; custom_padding=\u00a0\u00bb|||\u00a0\u00bb global_colors_info=\u00a0\u00bb{}\u00a0\u00bb custom_padding__hover=\u00a0\u00bb|||\u00a0\u00bb theme_builder_area=\u00a0\u00bbpost_content\u00a0\u00bb][et_pb_image src=\u00a0\u00bbhttps:\/\/www.hazeville.fr\/wp-content\/uploads\/2023\/06\/LOFT.png\u00a0\u00bb alt=\u00a0\u00bbSalle de bain Duchesse de Villars\u00a0\u00bb title_text=\u00a0\u00bbLOFT\u00a0\u00bb _builder_version=\u00a0\u00bb4.19.0&Prime; _module_preset=\u00a0\u00bbdefault\u00a0\u00bb global_colors_info=\u00a0\u00bb{}\u00a0\u00bb theme_builder_area=\u00a0\u00bbpost_content\u00a0\u00bb][\/et_pb_image][\/et_pb_column][\/et_pb_row][et_pb_row column_structure=\u00a0\u00bb1_2,1_2&Prime; use_custom_gutter=\u00a0\u00bbon\u00a0\u00bb gutter_width=\u00a0\u00bb2&Prime; admin_label=\u00a0\u00bbrow\u00a0\u00bb _builder_version=\u00a0\u00bb4.19.0&Prime; background_size=\u00a0\u00bbinitial\u00a0\u00bb background_position=\u00a0\u00bbtop_left\u00a0\u00bb background_repeat=\u00a0\u00bbrepeat\u00a0\u00bb global_colors_info=\u00a0\u00bb{}\u00a0\u00bb theme_builder_area=\u00a0\u00bbpost_content\u00a0\u00bb][et_pb_column type=\u00a0\u00bb1_2&Prime; _builder_version=\u00a0\u00bb4.16&Prime; custom_padding=\u00a0\u00bb|||\u00a0\u00bb global_colors_info=\u00a0\u00bb{}\u00a0\u00bb custom_padding__hover=\u00a0\u00bb|||\u00a0\u00bb theme_builder_area=\u00a0\u00bbpost_content\u00a0\u00bb][et_pb_text admin_label=\u00a0\u00bbText\u00a0\u00bb _builder_version=\u00a0\u00bb4.19.0&Prime; background_size=\u00a0\u00bbinitial\u00a0\u00bb background_position=\u00a0\u00bbtop_left\u00a0\u00bb background_repeat=\u00a0\u00bbrepeat\u00a0\u00bb hover_enabled=\u00a0\u00bb0&Prime; global_colors_info=\u00a0\u00bb{}\u00a0\u00bb theme_builder_area=\u00a0\u00bbpost_content\u00a0\u00bb sticky_enabled=\u00a0\u00bb0&Prime;]<p style=\"text-align: justify;\">La chemin\u00e9e imposante du loft est copi\u00e9e sur celle d\u2019\u00ab\u00a0Origines\u00a0\u00bb de Houdan, style Louis XIV en pierre XIX si\u00e8cle. C\u2019est cette chemin\u00e9e qui donne un c\u00f4t\u00e9 \u00ab\u00a0foyer\u00a0\u00bb \u00e0 ce grand loft.<\/p>\n<p style=\"text-align: justify;\">La cuisine, trouve sa particularit\u00e9 dans son look \u00e9gyptien. On y trouve en effet plus de 160 carreaux peints \u00e0 la main repr\u00e9sentant diverses activit\u00e9s \u00e0 l\u2019\u00e9poque de l\u2019\u00c9gypte antique (la p\u00eache, les moissons, \u2026).<\/p>\n<p style=\"text-align: justify;\">De ces travaux r\u00e9sultent aujourd\u2019hui un espace convivial divis\u00e9 en plusieurs corps, un espace de d\u00e9tente dans le jardin avec piscine, un espace jeu pour les enfants, un espace cuisine agr\u00e9able et fonctionnel, un espace bain, un espace sommeil.<\/p>\n<p style=\"text-align: justify;\">\n<p style=\"text-align: justify;\"><em>Sources : Ab\u00e9c\u00e9daire d&rsquo;Hazeville, Guy Deneck<\/em><\/p>\n<p style=\"text-align: justify;\"><em>Le Loft, Guy Deneck<\/em><\/p>\n<p><!-- \/wp:post-content --><\/p>[\/et_pb_text][\/et_pb_column][et_pb_column type=\u00a0\u00bb1_2&Prime; _builder_version=\u00a0\u00bb4.16&Prime; custom_padding=\u00a0\u00bb|||\u00a0\u00bb global_colors_info=\u00a0\u00bb{}\u00a0\u00bb custom_padding__hover=\u00a0\u00bb|||\u00a0\u00bb theme_builder_area=\u00a0\u00bbpost_content\u00a0\u00bb][et_pb_image src=\u00a0\u00bbhttps:\/\/www.hazeville.fr\/wp-content\/uploads\/2023\/06\/Loft-int\u00e9rieur.png\u00a0\u00bb title_text=\u00a0\u00bbLoft inte\u0301rieur\u00a0\u00bb _builder_version=\u00a0\u00bb4.19.0&Prime; _module_preset=\u00a0\u00bbdefault\u00a0\u00bb global_colors_info=\u00a0\u00bb{}\u00a0\u00bb theme_builder_area=\u00a0\u00bbpost_content\u00a0\u00bb][\/et_pb_image][\/et_pb_column][\/et_pb_row][\/et_pb_section]<!-- \/wp:freeform -->","protected":false},"excerpt":{"rendered":"<p>A l\u2019origine, se trouvait dans cette partie du corps de ferme un grenier. Restaur\u00e9 au fur et \u00e0 mesure, en commen\u00e7ant par le toit et les auvents, aujourd\u2019hui on y trouve un loft moderne de 12 couchages disponible \u00e0 la location, dans un endroit agr\u00e9able et ouvert. L\u2019objectif \u00e9tait de pouvoir transformer ce grenier en [&hellip;]<\/p>\n","protected":false},"author":2,"featured_media":0,"comment_status":"closed","ping_status":"closed","sticky":false,"template":"","format":"standard","meta":{"_et_pb_use_builder":"on","_et_pb_old_content":"<!-- wp:paragraph -->\n<p>Welcome to WordPress. This is your first post. Edit or delete it, then start writing!<\/p>\n<!-- \/wp:paragraph -->","_et_gb_content_width":"","footnotes":""},"categories":[22],"tags":[],"class_list":["post-850","post","type-post","status-publish","format-standard","hentry","category-histoire-chateau"],"_links":{"self":[{"href":"https:\/\/www.hazeville.fr\/en\/wp-json\/wp\/v2\/posts\/850","targetHints":{"allow":["GET"]}}],"collection":[{"href":"https:\/\/www.hazeville.fr\/en\/wp-json\/wp\/v2\/posts"}],"about":[{"href":"https:\/\/www.hazeville.fr\/en\/wp-json\/wp\/v2\/types\/post"}],"author":[{"embeddable":true,"href":"https:\/\/www.hazeville.fr\/en\/wp-json\/wp\/v2\/users\/2"}],"replies":[{"embeddable":true,"href":"https:\/\/www.hazeville.fr\/en\/wp-json\/wp\/v2\/comments?post=850"}],"version-history":[{"count":11,"href":"https:\/\/www.hazeville.fr\/en\/wp-json\/wp\/v2\/posts\/850\/revisions"}],"predecessor-version":[{"id":4779,"href":"https:\/\/www.hazeville.fr\/en\/wp-json\/wp\/v2\/posts\/850\/revisions\/4779"}],"wp:attachment":[{"href":"https:\/\/www.hazeville.fr\/en\/wp-json\/wp\/v2\/media?parent=850"}],"wp:term":[{"taxonomy":"category","embeddable":true,"href":"https:\/\/www.hazeville.fr\/en\/wp-json\/wp\/v2\/categories?post=850"},{"taxonomy":"post_tag","embeddable":true,"href":"https:\/\/www.hazeville.fr\/en\/wp-json\/wp\/v2\/tags?post=850"}],"curies":[{"name":"wp","href":"https:\/\/api.w.org\/{rel}","templated":true}]}}