{"id":874,"date":"2023-06-05T13:36:47","date_gmt":"2023-06-05T13:36:47","guid":{"rendered":"https:\/\/www.hazeville.fr\/?p=874"},"modified":"2026-04-19T14:47:44","modified_gmt":"2026-04-19T14:47:44","slug":"les-jardins-dhazeville","status":"publish","type":"post","link":"https:\/\/www.hazeville.fr\/en\/les-jardins-dhazeville\/","title":{"rendered":"Les jardins d&rsquo;Hazeville"},"content":{"rendered":"[et_pb_section fb_built=\u00a0\u00bb1&Prime; admin_label=\u00a0\u00bbsection\u00a0\u00bb _builder_version=\u00a0\u00bb4.16&Prime; global_colors_info=\u00a0\u00bb{}\u00a0\u00bb theme_builder_area=\u00a0\u00bbpost_content\u00a0\u00bb][et_pb_row _builder_version=\u00a0\u00bb4.19.0&Prime; _module_preset=\u00a0\u00bbdefault\u00a0\u00bb global_colors_info=\u00a0\u00bb{}\u00a0\u00bb theme_builder_area=\u00a0\u00bbpost_content\u00a0\u00bb][et_pb_column type=\u00a0\u00bb4_4&Prime; _builder_version=\u00a0\u00bb4.19.0&Prime; _module_preset=\u00a0\u00bbdefault\u00a0\u00bb global_colors_info=\u00a0\u00bb{}\u00a0\u00bb theme_builder_area=\u00a0\u00bbpost_content\u00a0\u00bb][et_pb_text _builder_version=\u00a0\u00bb4.19.0&Prime; _module_preset=\u00a0\u00bbdefault\u00a0\u00bb global_colors_info=\u00a0\u00bb{}\u00a0\u00bb theme_builder_area=\u00a0\u00bbpost_content\u00a0\u00bb]<p>\u00c0 Hazeville, vous trouverez des espaces verts hors du communs.<\/p>\n<p>Devant le ch\u00e2teau, se trouve la terrasse \u00ab\u00a0\u00e0 la fran\u00e7aise\u00a0\u00bb, avec ses trois buissons taill\u00e9s en forme de glace \u00ab\u00a0\u00e0 l\u2019italienne\u00a0\u00bb, ses trois massifs de b\u00e9gonias roses \u00e0 feuilles lie-de-vin, sa haie d\u2019\u00e9l\u00e9agnus en bordure de buret, qui s\u2019ouvre pour laisser un passage qui donne sur l\u2019escalier central.<\/p>[\/et_pb_text][\/et_pb_column][\/et_pb_row][et_pb_row column_structure=\u00a0\u00bb1_2,1_2&Prime; use_custom_gutter=\u00a0\u00bbon\u00a0\u00bb gutter_width=\u00a0\u00bb2&Prime; admin_label=\u00a0\u00bbrow\u00a0\u00bb _builder_version=\u00a0\u00bb4.19.0&Prime; background_size=\u00a0\u00bbinitial\u00a0\u00bb background_position=\u00a0\u00bbtop_left\u00a0\u00bb background_repeat=\u00a0\u00bbrepeat\u00a0\u00bb global_colors_info=\u00a0\u00bb{}\u00a0\u00bb theme_builder_area=\u00a0\u00bbpost_content\u00a0\u00bb][et_pb_column type=\u00a0\u00bb1_2&Prime; _builder_version=\u00a0\u00bb4.16&Prime; custom_padding=\u00a0\u00bb|||\u00a0\u00bb global_colors_info=\u00a0\u00bb{}\u00a0\u00bb custom_padding__hover=\u00a0\u00bb|||\u00a0\u00bb theme_builder_area=\u00a0\u00bbpost_content\u00a0\u00bb][et_pb_text admin_label=\u00a0\u00bbText\u00a0\u00bb _builder_version=\u00a0\u00bb4.19.0&Prime; background_size=\u00a0\u00bbinitial\u00a0\u00bb background_position=\u00a0\u00bbtop_left\u00a0\u00bb background_repeat=\u00a0\u00bbrepeat\u00a0\u00bb global_colors_info=\u00a0\u00bb{}\u00a0\u00bb theme_builder_area=\u00a0\u00bbpost_content\u00a0\u00bb]<p style=\"text-align: justify;\">Dans le jardin de trois hectares, il ne reste du jardin potager du XXe si\u00e8cle que les arbres fruitiers. On retrouve en effet des all\u00e9es de pommiers et des poiriers le long des murs d\u2019enceinte du ch\u00e2teau.<\/p>\n<p style=\"text-align: justify;\">Dans la cour carr\u00e9e, on trouve de jolis vases \u00ab M\u00e9dicis \u00bb fleuris. Dans les massifs de la cour du ch\u00e2teau, on trouve tous types de fleurs et d&rsquo;arbres comme des <em>Campanula muralis<\/em> (1), des <em>Rosa &lsquo;L&rsquo;Alhambra&rsquo; sur tige<\/em> (2), des <em>Rosa &lsquo;Korbin&rsquo; sur tige<\/em> (3), des <em>Azalea japonica &lsquo;encore ivory&rsquo;<\/em> (4), des <em>Taxus Baccata<\/em> (5), des <em>Osmanthus burkwoodii<\/em> (6), des <em>Prunus angustifolia<\/em> (7), des <em>Gaura lindheimeri blanc<\/em> (8), des <em>Perovskia atriplicifolia &#8211; bleu\/violet<\/em> (9), des <em>Salvia &lsquo; Violette de Loire&rsquo;<\/em> (10)<\/p>\n<p><\/p>[\/et_pb_text][\/et_pb_column][et_pb_column type=\u00a0\u00bb1_2&Prime; _builder_version=\u00a0\u00bb4.16&Prime; custom_padding=\u00a0\u00bb|||\u00a0\u00bb global_colors_info=\u00a0\u00bb{}\u00a0\u00bb custom_padding__hover=\u00a0\u00bb|||\u00a0\u00bb theme_builder_area=\u00a0\u00bbpost_content\u00a0\u00bb][et_pb_gallery gallery_ids=\u00a0\u00bb920,921,922,923,924,925,926,927,928,929&Prime; fullwidth=\u00a0\u00bbon\u00a0\u00bb _builder_version=\u00a0\u00bb4.19.0&Prime; _module_preset=\u00a0\u00bbdefault\u00a0\u00bb global_colors_info=\u00a0\u00bb{}\u00a0\u00bb theme_builder_area=\u00a0\u00bbpost_content\u00a0\u00bb][\/et_pb_gallery][\/et_pb_column][\/et_pb_row][et_pb_row column_structure=\u00a0\u00bb1_2,1_2&Prime; use_custom_gutter=\u00a0\u00bbon\u00a0\u00bb gutter_width=\u00a0\u00bb2&Prime; admin_label=\u00a0\u00bbrow\u00a0\u00bb _builder_version=\u00a0\u00bb4.19.0&Prime; background_size=\u00a0\u00bbinitial\u00a0\u00bb background_position=\u00a0\u00bbtop_left\u00a0\u00bb background_repeat=\u00a0\u00bbrepeat\u00a0\u00bb global_colors_info=\u00a0\u00bb{}\u00a0\u00bb theme_builder_area=\u00a0\u00bbpost_content\u00a0\u00bb][et_pb_column type=\u00a0\u00bb1_2&Prime; _builder_version=\u00a0\u00bb4.16&Prime; custom_padding=\u00a0\u00bb|||\u00a0\u00bb global_colors_info=\u00a0\u00bb{}\u00a0\u00bb custom_padding__hover=\u00a0\u00bb|||\u00a0\u00bb theme_builder_area=\u00a0\u00bbpost_content\u00a0\u00bb][et_pb_text admin_label=\u00a0\u00bbText\u00a0\u00bb _builder_version=\u00a0\u00bb4.19.0&Prime; background_size=\u00a0\u00bbinitial\u00a0\u00bb background_position=\u00a0\u00bbtop_left\u00a0\u00bb background_repeat=\u00a0\u00bbrepeat\u00a0\u00bb global_colors_info=\u00a0\u00bb{}\u00a0\u00bb theme_builder_area=\u00a0\u00bbpost_content\u00a0\u00bb]<p style=\"text-align: justify;\">Enfin, on y trouve aussi une haie originale, taill\u00e9e \u00e0 la main par Guy Deneck. Cette haie fantaisiste qui en \u00e9tonnera plus d\u2019un est un chef d\u2019\u0153uvre de l\u2019art taupi\u00e8re \u00e0 Hazeville.<\/p>\n<p style=\"text-align: justify;\">Tout cela fait donc du Ch\u00e2teau d\u2019Hazeville un lieu bucolique au milieu du parc naturel du Vexin. Faites-vous une id\u00e9e en passant nous voir\u00a0!<\/p>\n<p><!-- \/wp:post-content --><\/p>[\/et_pb_text][\/et_pb_column][et_pb_column type=\u00a0\u00bb1_2&Prime; _builder_version=\u00a0\u00bb4.16&Prime; custom_padding=\u00a0\u00bb|||\u00a0\u00bb global_colors_info=\u00a0\u00bb{}\u00a0\u00bb custom_padding__hover=\u00a0\u00bb|||\u00a0\u00bb theme_builder_area=\u00a0\u00bbpost_content\u00a0\u00bb][et_pb_image src=\u00a0\u00bbhttps:\/\/www.hazeville.fr\/wp-content\/uploads\/2023\/06\/Haie.png\u00a0\u00bb title_text=\u00a0\u00bbHaie\u00a0\u00bb _builder_version=\u00a0\u00bb4.19.0&Prime; _module_preset=\u00a0\u00bbdefault\u00a0\u00bb global_colors_info=\u00a0\u00bb{}\u00a0\u00bb theme_builder_area=\u00a0\u00bbpost_content\u00a0\u00bb][\/et_pb_image][\/et_pb_column][\/et_pb_row][\/et_pb_section]<!-- \/wp:freeform -->","protected":false},"excerpt":{"rendered":"<p>\u00c0 Hazeville, vous trouverez des espaces verts hors du communs. Devant le ch\u00e2teau, se trouve la terrasse \u00ab\u00a0\u00e0 la fran\u00e7aise\u00a0\u00bb, avec ses trois buissons taill\u00e9s en forme de glace \u00ab\u00a0\u00e0 l\u2019italienne\u00a0\u00bb, ses trois massifs de b\u00e9gonias roses \u00e0 feuilles lie-de-vin, sa haie d\u2019\u00e9l\u00e9agnus en bordure de buret, qui s\u2019ouvre pour laisser un passage qui donne [&hellip;]<\/p>\n","protected":false},"author":2,"featured_media":0,"comment_status":"closed","ping_status":"closed","sticky":false,"template":"","format":"standard","meta":{"_et_pb_use_builder":"on","_et_pb_old_content":"<!-- wp:paragraph -->\n<p>Welcome to WordPress. This is your first post. Edit or delete it, then start writing!<\/p>\n<!-- \/wp:paragraph -->","_et_gb_content_width":"","footnotes":""},"categories":[22],"tags":[],"class_list":["post-874","post","type-post","status-publish","format-standard","hentry","category-histoire-chateau"],"_links":{"self":[{"href":"https:\/\/www.hazeville.fr\/en\/wp-json\/wp\/v2\/posts\/874","targetHints":{"allow":["GET"]}}],"collection":[{"href":"https:\/\/www.hazeville.fr\/en\/wp-json\/wp\/v2\/posts"}],"about":[{"href":"https:\/\/www.hazeville.fr\/en\/wp-json\/wp\/v2\/types\/post"}],"author":[{"embeddable":true,"href":"https:\/\/www.hazeville.fr\/en\/wp-json\/wp\/v2\/users\/2"}],"replies":[{"embeddable":true,"href":"https:\/\/www.hazeville.fr\/en\/wp-json\/wp\/v2\/comments?post=874"}],"version-history":[{"count":6,"href":"https:\/\/www.hazeville.fr\/en\/wp-json\/wp\/v2\/posts\/874\/revisions"}],"predecessor-version":[{"id":935,"href":"https:\/\/www.hazeville.fr\/en\/wp-json\/wp\/v2\/posts\/874\/revisions\/935"}],"wp:attachment":[{"href":"https:\/\/www.hazeville.fr\/en\/wp-json\/wp\/v2\/media?parent=874"}],"wp:term":[{"taxonomy":"category","embeddable":true,"href":"https:\/\/www.hazeville.fr\/en\/wp-json\/wp\/v2\/categories?post=874"},{"taxonomy":"post_tag","embeddable":true,"href":"https:\/\/www.hazeville.fr\/en\/wp-json\/wp\/v2\/tags?post=874"}],"curies":[{"name":"wp","href":"https:\/\/api.w.org\/{rel}","templated":true}]}}