{"id":875,"date":"2023-06-05T13:36:47","date_gmt":"2023-06-05T13:36:47","guid":{"rendered":"https:\/\/www.hazeville.fr\/?p=875"},"modified":"2026-04-19T14:47:42","modified_gmt":"2026-04-19T14:47:42","slug":"le-lit-a-baldaquin-dhazeville","status":"publish","type":"post","link":"https:\/\/www.hazeville.fr\/en\/le-lit-a-baldaquin-dhazeville\/","title":{"rendered":"Le lit \u00e0 baldaquin d&rsquo;Hazeville"},"content":{"rendered":"[et_pb_section fb_built=\u00a0\u00bb1&Prime; admin_label=\u00a0\u00bbsection\u00a0\u00bb _builder_version=\u00a0\u00bb4.16&Prime; global_colors_info=\u00a0\u00bb{}\u00a0\u00bb theme_builder_area=\u00a0\u00bbpost_content\u00a0\u00bb][et_pb_row column_structure=\u00a0\u00bb1_2,1_2&Prime; use_custom_gutter=\u00a0\u00bbon\u00a0\u00bb gutter_width=\u00a0\u00bb2&Prime; admin_label=\u00a0\u00bbrow\u00a0\u00bb _builder_version=\u00a0\u00bb4.19.0&Prime; background_size=\u00a0\u00bbinitial\u00a0\u00bb background_position=\u00a0\u00bbtop_left\u00a0\u00bb background_repeat=\u00a0\u00bbrepeat\u00a0\u00bb global_colors_info=\u00a0\u00bb{}\u00a0\u00bb theme_builder_area=\u00a0\u00bbpost_content\u00a0\u00bb][et_pb_column type=\u00a0\u00bb1_2&Prime; _builder_version=\u00a0\u00bb4.16&Prime; custom_padding=\u00a0\u00bb|||\u00a0\u00bb global_colors_info=\u00a0\u00bb{}\u00a0\u00bb custom_padding__hover=\u00a0\u00bb|||\u00a0\u00bb theme_builder_area=\u00a0\u00bbpost_content\u00a0\u00bb][et_pb_text admin_label=\u00a0\u00bbText\u00a0\u00bb _builder_version=\u00a0\u00bb4.19.0&Prime; background_size=\u00a0\u00bbinitial\u00a0\u00bb background_position=\u00a0\u00bbtop_left\u00a0\u00bb background_repeat=\u00a0\u00bbrepeat\u00a0\u00bb global_colors_info=\u00a0\u00bb{}\u00a0\u00bb theme_builder_area=\u00a0\u00bbpost_content\u00a0\u00bb]<p style=\"text-align: justify;\">Dans le pigeonnier d\u2019Hazeville, dans la suite luxueuse Gabrielle d\u2019Estr\u00e9es, vous pourrez trouver un grand lit \u00e0 baldaquin. Mais, pourquoi appelle-t-on ces grands lits majestueux, des lits \u00ab\u00a0\u00e0 baldaquin\u00a0\u00bb\u00a0?<\/p>\n<p style=\"text-align: justify;\">A l\u2019origine, le mot baldaquin a servi \u00e0 d\u00e9signer une riche \u00e9toffe orientale que l\u2019on employait pour les tentes (en italien\u00a0: baldacchino, soie de Bagdad).<\/p>\n<p style=\"text-align: justify;\">Au XVIIe, le baldaquin est sans lambrequins d\u00e9coup\u00e9s des derniers n\u2019apparraissent qu\u2019au XVIIe si\u00e8cle.<\/p>\n<p><\/p>[\/et_pb_text][\/et_pb_column][et_pb_column type=\u00a0\u00bb1_2&Prime; _builder_version=\u00a0\u00bb4.16&Prime; custom_padding=\u00a0\u00bb|||\u00a0\u00bb global_colors_info=\u00a0\u00bb{}\u00a0\u00bb custom_padding__hover=\u00a0\u00bb|||\u00a0\u00bb theme_builder_area=\u00a0\u00bbpost_content\u00a0\u00bb][et_pb_image src=\u00a0\u00bbhttps:\/\/www.hazeville.fr\/wp-content\/uploads\/2023\/05\/IMG_4351-scaled.jpg\u00a0\u00bb alt=\u00a0\u00bbSalle de bain Duchesse de Villars\u00a0\u00bb title_text=\u00a0\u00bbIMG_4351&Prime; _builder_version=\u00a0\u00bb4.19.0&Prime; _module_preset=\u00a0\u00bbdefault\u00a0\u00bb global_colors_info=\u00a0\u00bb{}\u00a0\u00bb theme_builder_area=\u00a0\u00bbpost_content\u00a0\u00bb][\/et_pb_image][\/et_pb_column][\/et_pb_row][et_pb_row use_custom_gutter=\u00a0\u00bbon\u00a0\u00bb gutter_width=\u00a0\u00bb2&Prime; admin_label=\u00a0\u00bbrow\u00a0\u00bb _builder_version=\u00a0\u00bb4.19.0&Prime; background_size=\u00a0\u00bbinitial\u00a0\u00bb background_position=\u00a0\u00bbtop_left\u00a0\u00bb background_repeat=\u00a0\u00bbrepeat\u00a0\u00bb global_colors_info=\u00a0\u00bb{}\u00a0\u00bb theme_builder_area=\u00a0\u00bbpost_content\u00a0\u00bb][et_pb_column type=\u00a0\u00bb4_4&Prime; _builder_version=\u00a0\u00bb4.16&Prime; custom_padding=\u00a0\u00bb|||\u00a0\u00bb global_colors_info=\u00a0\u00bb{}\u00a0\u00bb custom_padding__hover=\u00a0\u00bb|||\u00a0\u00bb theme_builder_area=\u00a0\u00bbpost_content\u00a0\u00bb][et_pb_text admin_label=\u00a0\u00bbText\u00a0\u00bb _builder_version=\u00a0\u00bb4.19.0&Prime; background_size=\u00a0\u00bbinitial\u00a0\u00bb background_position=\u00a0\u00bbtop_left\u00a0\u00bb background_repeat=\u00a0\u00bbrepeat\u00a0\u00bb hover_enabled=\u00a0\u00bb0&Prime; global_colors_info=\u00a0\u00bb{}\u00a0\u00bb theme_builder_area=\u00a0\u00bbpost_content\u00a0\u00bb sticky_enabled=\u00a0\u00bb0&Prime;]<p style=\"text-align: justify;\">Le baldaquin d\u2019abord rectangulaire, devient circulaire et prend la forme d\u2019un d\u00f4me surmont\u00e9 d\u2019un panache. On l\u2019employait comme ciel de lit. Primitivement fix\u00e9 aux poutres du plafond, il est au XVIe si\u00e8cle d\u00e9tach\u00e9 de celui-ci et soutenu par les quatre colonnes du lit sur lesquelles il s\u2019appuie.<\/p>\n<p style=\"text-align: justify;\">Au XVIIe si\u00e8cle, il s\u2019alourdit de draperies, de panages et de franges. Il s\u2019all\u00e8ge au si\u00e8cle suivant, fix\u00e9 au mur, au-dessus du chevet dans le lit duchesse, ou au-dessus de la couche dans le lit de la dauphine.<\/p>\n<p style=\"text-align: justify;\">Sour le premier Empire, le baldaquin disparait. Il reparait d\u00e8s la Restauration et se maintient pendant tout le XIXe si\u00e8cle. Puis la simplicit\u00e9 rationnelle le fait supprimer. Depuis la fin du XXe si\u00e8cle il redevient \u00e0 la mode.<\/p>\n<p style=\"text-align: justify;\">Le lit \u00e0 baldaquin de la chambre \u00ab\u00a0Gabrielle d\u2019Estr\u00e9es\u00a0\u00bb est encore plus grand que les lits anciens qui ne d\u00e9passaient gu\u00e8re 170 cm.<\/p>\n<p style=\"text-align: justify;\">Quelle histoire\u00a0!<\/p>\n<p style=\"text-align: justify;\">Venez le d\u00e9couvrir en r\u00e9servant nos h\u00e9bergements!<\/p>\n<p style=\"text-align: justify;\">\n<p style=\"text-align: justify;\"><em>Source : Ab\u00e9c\u00e9daire d&rsquo;Hazeville, Guy Deneck<\/em><\/p>\n<p><!-- \/wp:post-content --><\/p>[\/et_pb_text][\/et_pb_column][\/et_pb_row][\/et_pb_section]<!-- \/wp:freeform -->","protected":false},"excerpt":{"rendered":"<p>Dans le pigeonnier d\u2019Hazeville, dans la suite luxueuse Gabrielle d\u2019Estr\u00e9es, vous pourrez trouver un grand lit \u00e0 baldaquin. Mais, pourquoi appelle-t-on ces grands lits majestueux, des lits \u00ab\u00a0\u00e0 baldaquin\u00a0\u00bb\u00a0? A l\u2019origine, le mot baldaquin a servi \u00e0 d\u00e9signer une riche \u00e9toffe orientale que l\u2019on employait pour les tentes (en italien\u00a0: baldacchino, soie de Bagdad). Au [&hellip;]<\/p>\n","protected":false},"author":2,"featured_media":0,"comment_status":"closed","ping_status":"closed","sticky":false,"template":"","format":"standard","meta":{"_et_pb_use_builder":"on","_et_pb_old_content":"<!-- wp:paragraph -->\n<p>Welcome to WordPress. This is your first post. Edit or delete it, then start writing!<\/p>\n<!-- \/wp:paragraph -->","_et_gb_content_width":"","footnotes":""},"categories":[22],"tags":[],"class_list":["post-875","post","type-post","status-publish","format-standard","hentry","category-histoire-chateau"],"_links":{"self":[{"href":"https:\/\/www.hazeville.fr\/en\/wp-json\/wp\/v2\/posts\/875","targetHints":{"allow":["GET"]}}],"collection":[{"href":"https:\/\/www.hazeville.fr\/en\/wp-json\/wp\/v2\/posts"}],"about":[{"href":"https:\/\/www.hazeville.fr\/en\/wp-json\/wp\/v2\/types\/post"}],"author":[{"embeddable":true,"href":"https:\/\/www.hazeville.fr\/en\/wp-json\/wp\/v2\/users\/2"}],"replies":[{"embeddable":true,"href":"https:\/\/www.hazeville.fr\/en\/wp-json\/wp\/v2\/comments?post=875"}],"version-history":[{"count":7,"href":"https:\/\/www.hazeville.fr\/en\/wp-json\/wp\/v2\/posts\/875\/revisions"}],"predecessor-version":[{"id":918,"href":"https:\/\/www.hazeville.fr\/en\/wp-json\/wp\/v2\/posts\/875\/revisions\/918"}],"wp:attachment":[{"href":"https:\/\/www.hazeville.fr\/en\/wp-json\/wp\/v2\/media?parent=875"}],"wp:term":[{"taxonomy":"category","embeddable":true,"href":"https:\/\/www.hazeville.fr\/en\/wp-json\/wp\/v2\/categories?post=875"},{"taxonomy":"post_tag","embeddable":true,"href":"https:\/\/www.hazeville.fr\/en\/wp-json\/wp\/v2\/tags?post=875"}],"curies":[{"name":"wp","href":"https:\/\/api.w.org\/{rel}","templated":true}]}}